{"id":2185,"date":"2023-03-07T09:28:26","date_gmt":"2023-03-07T09:28:26","guid":{"rendered":"https:\/\/futsalpanthers.koeln\/?p=2185"},"modified":"2023-03-08T07:24:26","modified_gmt":"2023-03-08T07:24:26","slug":"interview-mit-meistertrainer-amin-katani","status":"publish","type":"post","link":"https:\/\/futsalpanthers.koeln\/?p=2185","title":{"rendered":"Interview mit Meistertrainer Amin Katani"},"content":{"rendered":"\t\t<div data-elementor-type=\"wp-post\" data-elementor-id=\"2185\" class=\"elementor elementor-2185\">\n\t\t\t\t\t\t<section class=\"elementor-section elementor-top-section elementor-element elementor-element-67a586d0 elementor-section-boxed elementor-section-height-default elementor-section-height-default\" data-id=\"67a586d0\" data-element_type=\"section\">\n\t\t\t\t\t\t<div class=\"elementor-container elementor-column-gap-default\">\n\t\t\t\t\t<div class=\"elementor-column elementor-col-100 elementor-top-column elementor-element elementor-element-1c40b006\" data-id=\"1c40b006\" data-element_type=\"column\">\n\t\t\t<div class=\"elementor-widget-wrap elementor-element-populated\">\n\t\t\t\t\t\t<div class=\"elementor-element elementor-element-9044f47 elementor-widget elementor-widget-text-editor\" data-id=\"9044f47\" data-element_type=\"widget\" data-widget_type=\"text-editor.default\">\n\t\t\t\t<div class=\"elementor-widget-container\">\n\t\t\t\t\t\t\t\t\t<p><\/p>\n<p><\/p>\n<p><b>Die Futsal Panthers K\u00f6ln gewinnen zum zweiten Mal in Folge die Meisterschaft in der Futsal-Regionalliga West. Wir haben uns mit Cheftrainer Amin Katani zusammengesetzt und die vergangenen Saison Revue passieren lassen.<\/b><\/p><p><i>___<\/i><\/p>\n<p><\/p>\n<p><b>Amin,&nbsp;erst einmal gratulieren wir herzlich zur Meisterschaft! Du bist jetzt schon seit \u00fcber 10 Jahren im deutschen Futsal aktiv. Letztes Jahr bist du als Co-Trainer mit den Panthers Meister geworden. Was f\u00fcr eine Bedeutung hat die diesj\u00e4hrige Meisterschaft f\u00fcr dich pers\u00f6nlich?<\/b><\/p>\n<p><\/p>\n<p>Es bedeutet mir extrem viel. Die Panthers waren f\u00fcr mich in den 12 Jahren Futsal immer das Ma\u00df aller Dinge im Westen und &#8222;utopisch weit weg&#8220;! Dass meine erste reine Cheftrainerposition dann bei den Panthers ist und mit der Meisterschaft gekr\u00f6nt wird, h\u00e4tte ich mir ehrlich gesagt nie gedacht. Deshalb m\u00f6chte ich mich bei den Verantwortlichen und Spielern ausdr\u00fccklich bedanken.<\/p>\n<p><\/p>\n<p><b>Die Mannschaft hat im Sommer 2022 einen gro\u00dfen Umbruch erlebt: Cheftrainer Jos van Gerven, Co-Trainer Carlos Blasco und Team-Betreuerin Jenny Schulze haben den Verein verlassen. Zus\u00e4tzlich kamen die Abg\u00e4nge von den Spielern Joscha, Jan, Omar, Lenny, Cristiano und Jamal &#8211; ein kompletter Block! F\u00fcr manche w\u00e4ren diese Abg\u00e4nge ein Grund gewesen, die neue Rolle als Cheftrainer nicht anzunehmen. Was waren deine Motivationen?<\/b><\/p>\n<p><\/p>\n<p>Dass der Verein und die Spieler mir diese Rolle \u00fcberhaupt zugetraut haben, das war Motivation genug f\u00fcr mich. Nat\u00fcrlich hatten wir viele Abg\u00e4nge, dennoch war ich mir sicher, dass die Mannschaft weiterhin eine sehr hohe Qualit\u00e4t hat und wir zusammen unseren Weg gehen werden.<\/p>\n<p><\/p>\n<p><b>Christoph &#8222;R\u00fcschi&#8220; R\u00fcschenp\u00f6hler ist als Mr. Zuverl\u00e4ssig im Verein bekannt. Als Fixo hat er es diese Saison sogar geschafft viele Tore zu erzielen und f\u00fchrt aktuell die Torsch\u00fctzenliste an. Wie war die Zusammenarbeit mit ihm in seiner Doppelrolle als spielender Co-Trainer?<\/b><\/p>\n<p><\/p>\n<p>Die Zuverl\u00e4ssigkeit, die R\u00fcschi auf und neben dem Platz mitbringt, ist fast einzigartig und ein Segen f\u00fcr jeden Trainer. Dennoch habe ich versucht, dass er sich mehr auf das Spielen konzentriert. Er hat mit seiner Qualit\u00e4t, Erfahrung und Ruhe die Mannschaft diese Saison getragen und viele wichtige Tore erzielt. Er hat mir meine Arbeit deutlich erleichtert.<\/p>\n<p><\/p>\n<p><b>Diese Saison f\u00e4llt es schwer, individuelle Leistungen au\u00dferordentlich zu erw\u00e4hnen, die Mannschaft ist als Team zusammengewachsen. Wo siehst du im Vergleich zur letzten Saison die gr\u00f6\u00dften Unterschiede?<\/b><\/p>\n<p><\/p>\n<p>Wir haben den Jungs den Druck des unbedingten Aufstiegs genommen. Sie sollen wieder mehr Spa\u00df haben und nicht im Kopf verkrampfen! Auch au\u00dferhalb des Platzes haben wir mehr zusammen unternommen, was den Zusammenhalt auf dem Platz nochmal verst\u00e4rkt hat.<\/p>\n<p><\/p>\n<p><b>Am 1. April geht die Relegation f\u00fcr die Bundesliga los. Dies wird dein dritter Anlauf zum Bundesliga-Aufstieg. Alle gute Dinge sind drei? Welche Erfahrungen aus den letzten zwei Saisons nimmst du mit f\u00fcr diese Relegation?<\/b><\/p>\n<p><\/p>\n<p>Alle Mannschaften, die sich f\u00fcr die Relegation qualifizieren, werden stark sein. Es wird viel auf die Tagesform ankommen. Au\u00dferdem wird es wichtig sein, den Druck so gut wie m\u00f6glich von den Jungs zu nehmen, damit sie befreiter aufspielen k\u00f6nnen.<\/p>\n<p><\/p>\n<p>___<\/p>\n<div><span style=\"color: var( --e-global-color-text ); font-family: var( --e-global-typography-text-font-family ), Sans-serif; font-weight: var( --e-global-typography-text-font-weight ); background-color: var(--nv-site-bg);\"><br><\/span><\/div>\n<div>\n<p><span style=\"color: var( --e-global-color-text ); font-family: var( --e-global-typography-text-font-family ), Sans-serif; font-weight: var( --e-global-typography-text-font-weight ); background-color: var(--nv-site-bg);\">Alle weiteren Infos zur Bundesliga-Relegation gibt&#8217;s in K\u00fcrze hier!<\/span><\/p>\n<p><\/p>\n<\/div>\t\t\t\t\t\t\t\t<\/div>\n\t\t\t\t<\/div>\n\t\t\t\t\t<\/div>\n\t\t<\/div>\n\t\t\t\t\t<\/div>\n\t\t<\/section>\n\t\t\t\t<\/div>\n\t\t","protected":false},"excerpt":{"rendered":"<p>Die Futsal Panthers K\u00f6ln gewinnen zum zweiten Mal in Folge die Meisterschaft in der Futsal-Regionalliga West. Wir haben uns mit Cheftrainer Amin Katani zusammengesetzt und die vergangenen Saison Revue passieren lassen. ___ Amin,&nbsp;erst einmal gratulieren wir herzlich zur Meisterschaft! Du bist jetzt schon seit \u00fcber 10 Jahren im deutschen Futsal aktiv. Letztes Jahr bist du&hellip;&nbsp;<a href=\"https:\/\/futsalpanthers.koeln\/?p=2185\" rel=\"bookmark\">Weiterlesen &raquo;<span class=\"screen-reader-text\">Interview mit Meistertrainer Amin Katani<\/span><\/a><\/p>\n","protected":false},"author":1,"featured_media":2196,"comment_status":"open","ping_status":"open","sticky":false,"template":"","format":"standard","meta":{"_eb_attr":"","neve_meta_sidebar":"","neve_meta_container":"","neve_meta_enable_content_width":"","neve_meta_content_width":0,"neve_meta_title_alignment":"","neve_meta_author_avatar":"","neve_post_elements_order":"","neve_meta_disable_header":"","neve_meta_disable_footer":"","neve_meta_disable_title":"","footnotes":""},"categories":[1],"tags":[],"class_list":["post-2185","post","type-post","status-publish","format-standard","has-post-thumbnail","hentry","category-uncategorized"],"_links":{"self":[{"href":"https:\/\/futsalpanthers.koeln\/index.php?rest_route=\/wp\/v2\/posts\/2185","targetHints":{"allow":["GET"]}}],"collection":[{"href":"https:\/\/futsalpanthers.koeln\/index.php?rest_route=\/wp\/v2\/posts"}],"about":[{"href":"https:\/\/futsalpanthers.koeln\/index.php?rest_route=\/wp\/v2\/types\/post"}],"author":[{"embeddable":true,"href":"https:\/\/futsalpanthers.koeln\/index.php?rest_route=\/wp\/v2\/users\/1"}],"replies":[{"embeddable":true,"href":"https:\/\/futsalpanthers.koeln\/index.php?rest_route=%2Fwp%2Fv2%2Fcomments&post=2185"}],"version-history":[{"count":32,"href":"https:\/\/futsalpanthers.koeln\/index.php?rest_route=\/wp\/v2\/posts\/2185\/revisions"}],"predecessor-version":[{"id":2218,"href":"https:\/\/futsalpanthers.koeln\/index.php?rest_route=\/wp\/v2\/posts\/2185\/revisions\/2218"}],"wp:featuredmedia":[{"embeddable":true,"href":"https:\/\/futsalpanthers.koeln\/index.php?rest_route=\/wp\/v2\/media\/2196"}],"wp:attachment":[{"href":"https:\/\/futsalpanthers.koeln\/index.php?rest_route=%2Fwp%2Fv2%2Fmedia&parent=2185"}],"wp:term":[{"taxonomy":"category","embeddable":true,"href":"https:\/\/futsalpanthers.koeln\/index.php?rest_route=%2Fwp%2Fv2%2Fcategories&post=2185"},{"taxonomy":"post_tag","embeddable":true,"href":"https:\/\/futsalpanthers.koeln\/index.php?rest_route=%2Fwp%2Fv2%2Ftags&post=2185"}],"curies":[{"name":"wp","href":"https:\/\/api.w.org\/{rel}","templated":true}]}}